{"id":870,"date":"2023-05-27T00:25:54","date_gmt":"2023-05-27T00:25:54","guid":{"rendered":"https:\/\/conserv.org.br\/2023\/05\/preservacao-e-a-chave-para-o-desenvolvimento-afirma-diretor-do-ipam\/"},"modified":"2023-05-27T00:25:54","modified_gmt":"2023-05-27T00:25:54","slug":"preservacao-e-a-chave-para-o-desenvolvimento-afirma-diretor-do-ipam","status":"publish","type":"post","link":"https:\/\/conserv.org.br\/en\/2023\/05\/preservacao-e-a-chave-para-o-desenvolvimento-afirma-diretor-do-ipam\/","title":{"rendered":"Preserva\u00e7\u00e3o \u00e9 a chave para o desenvolvimento, afirma diretor do IPAM"},"content":{"rendered":"<p><em>Por Lucas Guaraldo*<\/em><\/p>\n<p>Combater o desmatamento de maneira eficaz \u00e9 um passos fundamentais para reduzir as emiss\u00f5es de gases de efeito estufa brasileiras e garantir o crescimento econ\u00f4mico e social do Brasil nas pr\u00f3ximas d\u00e9cadas, afirmou o diretor executivo do IPAM (Instituto de Pesquisa Ambiental da Amaz\u00f4nia), Andr\u00e9 Guimar\u00e3es, durante o evento \u201cEstrat\u00e9gia da Ind\u00fastria para uma Economia de Baixo Carbono\u201d, realizado pela CNI (Confedera\u00e7\u00e3o Nacional da Ind\u00fastria). A cerim\u00f4nia discute as alternativas para a transi\u00e7\u00e3o verde da economia e o papel das florestas e da bioeconomia na redu\u00e7\u00e3o das emiss\u00f5es de gases efeito estufa.<\/p>\n<p>\u201cO Brasil talvez seja o pa\u00eds que mais se beneficia ao cumprir os seus compromissos clim\u00e1ticos. Se a gente combater o desmatamento de uma forma eficaz, o Brasil entra com altivez no mercado de carbono, atrai mais recursos e mant\u00e9m a nossa capacidade produtiva. O mundo est\u00e1 comprador de florestas em p\u00e9 e o Brasil pode se destacar nessa \u00e1rea\u201d, aponta Guimar\u00e3es.<\/p>\n<p>Tamb\u00e9m participaram do painel a l\u00edder global de Rela\u00e7\u00f5es Corporativas da Suzano, Mariana Lisb\u00f4a, diretor executivo da OTCA (Organiza\u00e7\u00e3o do Tratado de Coopera\u00e7\u00e3o Amaz\u00f4nica), Carlos Alfredo Lazary Teixeira, e diretor de Cr\u00e9dito Produtivo e Socioambiental BNDES (Banco Nacional de Desenvolvimento Econ\u00f4mico e Social), Bruno Caldas Aranha, e modera\u00e7\u00e3o do presidente do Instituto Amaz\u00f4nia+21, Marcelo Thom\u00e9 da Silva de Almeida.<\/p>\n<p>O evento pretende promover o di\u00e1logo do setor empresarial com especialistas nacionais e internacionais em pautas ambientais como forma de encontrar caminhos para a constru\u00e7\u00e3o de um mercado de carbono nacional s\u00f3lido e para o cumprimento dos acordos internacionais de preserva\u00e7\u00e3o.<\/p>\n<p><strong>Regula\u00e7\u00e3o<\/strong><\/p>\n<p>Al\u00e9m disso, Andr\u00e9 Guimar\u00e3es destaca que o cumprimento dos compromissos clim\u00e1ticos firmados pelo Governo pode, al\u00e9m de controlar o desmatamento e a invas\u00e3o de florestas p\u00fablicas, representar uma oportunidade de crescimento para o Brasil.<\/p>\n<p>\u201cA situa\u00e7\u00e3o ambiental do Brasil, hoje, significa uma s\u00e9rie de quest\u00f5es para a economia brasileira. Representa restri\u00e7\u00f5es nos investimentos, questionamentos de parceiros internacionais, redu\u00e7\u00e3o do ingresso de recursos de coopera\u00e7\u00e3o internacional e aumento de risco Brasil no mundo todo. Isso, obviamente, atrapalha o ambiente de neg\u00f3cios.\u201d<\/p>\n<p>Segundo dados do <a href=\"https:\/\/conserv.org.br\/en\/\" target=\"_blank\" rel=\"noopener\">Conserv<\/a>, projeto que compensa produtores rurais pela conserva\u00e7\u00e3o da vegeta\u00e7\u00e3o nativa dentro de suas propriedades que poderia ser legalmente desmatada, existem hoje cerca de 11 milh\u00f5es de hectares de excedente de reserva legal na Amaz\u00f4nia Legal que poderiam ser legalmente suprimidos e que, segundo o diretor do IPAM, poderiam ser inclu\u00eddos em um ambiente regulat\u00f3rio de negocia\u00e7\u00f5es de carbono.<\/p>\n<p>\u201cTemos o equivalente a um ano de emiss\u00f5es brasileiras que podem ser legalmente desmatadas. Em valores do mercado de carbono de hoje essas \u00e1reas valem cerca de U$20 bilh\u00f5es, mas est\u00e3o sendo desmatadas para retornos financeiros baix\u00edssimos. Por que a ind\u00fastria de S\u00e3o Paulo n\u00e3o poderia estar compensando uma parte de suas emiss\u00f5es evitando o desmatamento no Acre, no Amazonas e no Par\u00e1? Nesse processo criar\u00edamos um mercado que faria circular recursos financeiros, resultados sociais, resultados econ\u00f4micos e resultados ambientais para o Brasil\u201d, apontou Guimar\u00e3es.<\/p>\n<p><strong>Patrim\u00f4nio p\u00fablico<\/strong><\/p>\n<p>Al\u00e9m da cria\u00e7\u00e3o de um novo mercado financeiro, Andr\u00e9 Guimar\u00e3es destaca que a preserva\u00e7\u00e3o dos ativos florestais brasileiros \u00e9 fundamental, tamb\u00e9m, para a preservar recursos naturais p\u00fablicos e garantir o abastecimento do territ\u00f3rio nacional.<\/p>\n<p>Atualmente, as fraudes no CAR (Cadastro Ambiental Rural) respondem por 65% do desmatamento em terras p\u00fablicas da Amaz\u00f4nia. <a href=\"https:\/\/ipam.org.br\/fraude-no-car-responde-por-65-do-desmatamento-em-terras-publicas-da-amazonia\/\" target=\"_blank\" rel=\"noopener\">Dos 56,5 milh\u00f5es de hectares de \u00e1reas n\u00e3o destinada na Amaz\u00f4nia, 18,6 milh\u00f5es de hectares possuem CARs ilegais<\/a> sobrepostos \u00e0s \u00e1reas preservadas e, nos \u00faltimos 2 anos, <a href=\"https:\/\/ipam.org.br\/desmatamento-em-areas-griladas-nas-florestas-publicas-da-amazonia-explode-em-dois-anos\/\" target=\"_blank\" rel=\"noopener\">as taxas de desmatamento nessas \u00e1reas dispararam em 50%.<\/a><\/p>\n<p>\u201cParte da solu\u00e7\u00e3o para lidarmos com o desmatamento da Amaz\u00f4nia \u00e9 combater a ilegalidade. A gente n\u00e3o pode estar \u00e0 merc\u00ea de criminosos que est\u00e3o subtraindo patrim\u00f4nio p\u00fablico para transformar isso em propriedades privadas. Uma \u00e1rvore da Amaz\u00f4nia chega a bombear mil litros de \u00e1gua por dia. Se estamos perdendo milhares de \u00e1rvores por minuto na Amaz\u00f4nia, fa\u00e7am a conta da quantidade de \u00e1gua que est\u00e1 deixando de vir para a irriga\u00e7\u00e3o das lavouras e deixando de abastecer nossos reservat\u00f3rios.\u201d<\/p>\n<p><em>Estagi\u00e1rio sob supervis\u00e3o de Nat\u00e1lia Moura*<\/em><\/p>","protected":false},"excerpt":{"rendered":"<p>Por Lucas Guaraldo* Combater o desmatamento de maneira eficaz \u00e9 um passos fundamentais para reduzir as emiss\u00f5es de gases de efeito estufa brasileiras e garantir o crescimento econ\u00f4mico e social do Brasil nas pr\u00f3ximas d\u00e9cadas, afirmou o diretor executivo do IPAM (Instituto de Pesquisa Ambiental da Amaz\u00f4nia), Andr\u00e9 Guimar\u00e3es, durante o evento \u201cEstrat\u00e9gia da Ind\u00fastria [&hellip;]<\/p>","protected":false},"author":0,"featured_media":0,"comment_status":"","ping_status":"open","sticky":false,"template":"","format":"standard","meta":[],"categories":[14],"tags":[],"_links":{"self":[{"href":"https:\/\/conserv.org.br\/en\/wp-json\/wp\/v2\/posts\/870"}],"collection":[{"href":"https:\/\/conserv.org.br\/en\/wp-json\/wp\/v2\/posts"}],"about":[{"href":"https:\/\/conserv.org.br\/en\/wp-json\/wp\/v2\/types\/post"}],"replies":[{"embeddable":true,"href":"https:\/\/conserv.org.br\/en\/wp-json\/wp\/v2\/comments?post=870"}],"version-history":[{"count":0,"href":"https:\/\/conserv.org.br\/en\/wp-json\/wp\/v2\/posts\/870\/revisions"}],"wp:attachment":[{"href":"https:\/\/conserv.org.br\/en\/wp-json\/wp\/v2\/media?parent=870"}],"wp:term":[{"taxonomy":"category","embeddable":true,"href":"https:\/\/conserv.org.br\/en\/wp-json\/wp\/v2\/categories?post=870"},{"taxonomy":"post_tag","embeddable":true,"href":"https:\/\/conserv.org.br\/en\/wp-json\/wp\/v2\/tags?post=870"}],"curies":[{"name":"wp","href":"https:\/\/api.w.org\/{rel}","templated":true}]}}