{"id":884,"date":"2023-05-27T00:26:09","date_gmt":"2023-05-27T00:26:09","guid":{"rendered":"https:\/\/conserv.org.br\/2023\/05\/produtores-rurais-montam-brigada-particular-contra-incendios-florestais\/"},"modified":"2023-05-27T00:26:09","modified_gmt":"2023-05-27T00:26:09","slug":"produtores-rurais-montam-brigada-particular-contra-incendios-florestais","status":"publish","type":"post","link":"https:\/\/conserv.org.br\/en\/2023\/05\/produtores-rurais-montam-brigada-particular-contra-incendios-florestais\/","title":{"rendered":"Produtores rurais montam brigada particular contra inc\u00eandios florestais\u00a0"},"content":{"rendered":"<p>Um grupo de produtores rurais de Sapezal, em Mato Grosso, montou uma brigada particular para combater queimadas na regi\u00e3o. A articula\u00e7\u00e3o chega em boa hora. Com o in\u00edcio da temporada de fogo, e apesar da morat\u00f3ria institu\u00edda pelo governo federal, Mato Grosso j\u00e1 registrou um<a href=\"https:\/\/ipam.org.br\/area-queimada-no-pantanal-mato-grossense-dobra-de-tamanho-em-um-dia\/\" target=\"_blank\" rel=\"noopener\"> inc\u00eandio de grande propor\u00e7\u00e3o em agosto<\/a>. Aproximadamente 2,3 mil hectares de vegeta\u00e7\u00e3o nativa e pastos naturais foram atingidos.<\/p>\n<p>Dados do ICV\u00a0(Instituto Centro de Vida)\u00a0apontam\u00a0que\u00a0Mato Grosso\u00a0chegou a\u00a0<a href=\"https:\/\/www.icv.org.br\/2021\/07\/area-incendiada-em-mato-grosso-em-2021-ja-e-quase-cinco-vezes-o-tamanho-de-sao-paulo\/\" target=\"_blank\" rel=\"noopener\">740 mil hectares de \u00e1reas atingidas<\/a> por inc\u00eandios florestais\u00a0s\u00f3\u00a0em 2021\u00a0\u2013\u00a0extens\u00e3o\u00a0equivalente a cerca de cinco vezes o munic\u00edpio de S\u00e3o Paulo.<\/p>\n<p>Com o intuito\u00a0de\u00a0evitar\u00a0que\u00a0estragos\u00a0desse tipo ocorram\u00a0em\u00a0suas\u00a0\u00e1reas,\u00a0cada um dos produtores participantes da brigada\u00a0auxilia com a estrutura que possui, como, por exemplo,\u00a0tratores de esteira, utilizados na \u00e9poca da seca para\u00a0remover a palha\u00a0e fazer aceiros\u00a0na beira das estradas,\u00a0evitando\u00a0que o fogo se propague.<\/p>\n<p>O grupo integra o projeto\u00a0<a href=\"https:\/\/conserv.org.br\/en\/\" target=\"_blank\" rel=\"noopener\">CONSERV<\/a>,\u00a0um\u00a0mecanismo privado e de ades\u00e3o volunt\u00e1ria\u00a0que\u00a0remunera financeiramente produtores rurais da Amaz\u00f4nia Legal\u00a0comprometidos\u00a0a conservar o excedente de vegeta\u00e7\u00e3o nativa em suas propriedades que, por lei, poderia ser suprimida.<\/p>\n<p>Manter a\u00e7\u00f5es de combate a inc\u00eandio \u00e9 um dos pr\u00e9-requisitos para\u00a0fazer parte\u00a0do\u00a0programa,\u00a0<a href=\"https:\/\/ipam.org.br\/conserv-e-oficialmente-lancado-e-propoe-um-valor-real-as-florestas-privadas\/\" target=\"_blank\" rel=\"noopener\">lan\u00e7ado em outubro de 2020<\/a>\u00a0pelo IPAM (Instituto de Pesquisa Ambiental da Amaz\u00f4nia), em parceria com o\u00a0Woodwell\u00a0Climate\u00a0Research\u00a0Center\u00a0e com o EDF (Environmental Defense Fund).<\/p>\n<p><strong>A uni\u00e3o faz a for\u00e7a<\/strong><\/p>\n<p>Integrante da brigada e um dos primeiros a ser contratado pelo CONSERV, o produtor rural de Mato Grosso Carlos Roberto Simoneti decidiu investir o valor pago pelo projeto em um caminh\u00e3o pipa, que fica \u00e0 disposi\u00e7\u00e3o caso ocorra qualquer sinal de fogo na regi\u00e3o. \u201cJ\u00e1 que estou sendo remunerado para conservar, decidi dar o exemplo e fiz essa aquisi\u00e7\u00e3o para ajudar todo o pessoal\u201d, afirma.<\/p>\n<p>J\u00e1 o\u00a0produtor\u00a0Redi\u00a0Biesuz, tamb\u00e9m participante\u00a0do\u00a0programa,\u00a0colabora oferecendo\u00a0n\u00e3o s\u00f3 seu maquin\u00e1rio, mas a\u00a0estrutura hidr\u00e1ulica\u00a0de sua propriedade. \u201cCaso seja necess\u00e1rio, temos um\u00a0grande\u00a0reservat\u00f3rio\u00a0e uma\u00a0rede de \u00e1gua\u00a0espalhada\u00a0pela fazenda,\u00a0com\u00a0tubula\u00e7\u00f5es\u00a0que\u00a0podem\u00a0ser adaptadas\u00a0para\u00a0abastecimento\u00a0rapidamente\u201d, explica.<\/p>\n<p>Dentro da estrutura desenhada pelos produtores,\u00a0a brigada conta tamb\u00e9m com\u00a0m\u00e1quinas de pulveriza\u00e7\u00e3o adaptadas\u00a0que podem ajudar a combater o fogo,\u00a0e at\u00e9 mesmo avi\u00f5es agr\u00edcolas, capazes\u00a0de\u00a0alcan\u00e7ar\u00a0locais de dif\u00edcil acesso e\u00a0dispersar \u00e1gua.\u00a0\u201cAl\u00e9m disso, estamos sempre atentos e\u00a0em comunica\u00e7\u00e3o\u00a0com os brigadistas e\u00a0com os bombeiros\u00a0para qualquer vest\u00edgio\u00a0ou sinal de fogo\u201d, diz\u00a0Simoneti.<\/p>\n<p><strong>Fogo,\u00a0nem para\u00a0preparar\u00a0o\u00a0plantio<\/strong><\/p>\n<p>Simoneti\u00a0relata\u00a0que\u00a0tanto ele quanto\u00a0os outros produtores da regi\u00e3o n\u00e3o utilizam manejo do fogo,\u00a0nem mesmo para preparar as pastagens e\u00a0as\u00a0lavouras antes do plantio. \u201cN\u00e3o h\u00e1 necessidade. Ao queimar,\u00a0voc\u00ea perde a mat\u00e9ria org\u00e2nica e os micronutrientes, o que acaba estragando o solo.\u00a0Fogo nunca mais, j\u00e1 era!\u201d<\/p>\n<p>Ao inv\u00e9s de queimar,\u00a0os produtores\u00a0aproveitam a mat\u00e9ria org\u00e2nica do resto da \u00faltima safra e plantam na mesma \u00e1rea,\u00a0no\u00a0chamado\u00a0<a href=\"https:\/\/ipam.org.br\/intensificacao-do-uso-do-solo-pode-aumentar-a-producao-e-favorecer-o-clima\/\" target=\"_blank\" rel=\"noopener\">Sistema\u00a0de Plantio Direto (SPD)<\/a>.\u00a0\u201cA palhada\u00a0devolve os nutrientes que foram retirados da terra durante o desenvolvimento\u00a0da planta\u00e7\u00e3o, construindo uma estrutura que \u00e9 muito\u00a0saud\u00e1vel para o solo e para o desenvolvimento da cultura\u201d, refor\u00e7a\u00a0Biesuz.<\/p>\n<p>Ao manter o solo coberto, o plantio direto tamb\u00e9m\u00a0mant\u00e9m\u00a0a umidade da terra\u00a0por mais tempo. A pesquisadora do IPAM Ludmila\u00a0Rattis\u00a0destaca que qualquer pr\u00e1tica agr\u00edcola que beneficie a quantidade de mat\u00e9ria org\u00e2nica na terra,\u00a0ou que evite a perda de \u00e1gua,\u00a0favorece o que est\u00e1 sendo cultivado naquele momento e posteriormente. \u201cEsse \u00e9 um princ\u00edpio de agricultura sustent\u00e1vel. N\u00e3o h\u00e1 sustentabilidade se voc\u00ea tira mais do solo do que voc\u00ea devolve e se aquele cultivo produz seca ao inv\u00e9s de produzir\u00a0\u00e1gua\u201d, alerta.<\/p>","protected":false},"excerpt":{"rendered":"<p>Um grupo de produtores rurais de Sapezal, em Mato Grosso, montou uma brigada particular para combater queimadas na regi\u00e3o. A articula\u00e7\u00e3o chega em boa hora. Com o in\u00edcio da temporada de fogo, e apesar da morat\u00f3ria institu\u00edda pelo governo federal, Mato Grosso j\u00e1 registrou um inc\u00eandio de grande propor\u00e7\u00e3o em agosto. Aproximadamente 2,3 mil hectares [&hellip;]<\/p>","protected":false},"author":0,"featured_media":0,"comment_status":"","ping_status":"open","sticky":false,"template":"","format":"standard","meta":[],"categories":[14],"tags":[],"_links":{"self":[{"href":"https:\/\/conserv.org.br\/en\/wp-json\/wp\/v2\/posts\/884"}],"collection":[{"href":"https:\/\/conserv.org.br\/en\/wp-json\/wp\/v2\/posts"}],"about":[{"href":"https:\/\/conserv.org.br\/en\/wp-json\/wp\/v2\/types\/post"}],"replies":[{"embeddable":true,"href":"https:\/\/conserv.org.br\/en\/wp-json\/wp\/v2\/comments?post=884"}],"version-history":[{"count":0,"href":"https:\/\/conserv.org.br\/en\/wp-json\/wp\/v2\/posts\/884\/revisions"}],"wp:attachment":[{"href":"https:\/\/conserv.org.br\/en\/wp-json\/wp\/v2\/media?parent=884"}],"wp:term":[{"taxonomy":"category","embeddable":true,"href":"https:\/\/conserv.org.br\/en\/wp-json\/wp\/v2\/categories?post=884"},{"taxonomy":"post_tag","embeddable":true,"href":"https:\/\/conserv.org.br\/en\/wp-json\/wp\/v2\/tags?post=884"}],"curies":[{"name":"wp","href":"https:\/\/api.w.org\/{rel}","templated":true}]}}